{"id":2803,"date":"2025-03-06T19:36:06","date_gmt":"2025-03-06T19:36:06","guid":{"rendered":"https:\/\/nrb.ttm.mybluehost.me\/?p=2803"},"modified":"2025-03-06T19:36:07","modified_gmt":"2025-03-06T19:36:07","slug":"bojt-az-elmelkedes-az-aldozat-es-az-unneples-idoszaka","status":"publish","type":"post","link":"https:\/\/nrb.ttm.mybluehost.me\/hu\/lent-a-season-of-reflection-sacrifice-and-celebration\/","title":{"rendered":"Nagyb\u00f6jt: Az elm\u00e9lked\u00e9s, az \u00e1ldozatv\u00e1llal\u00e1s \u00e9s az \u00fcnnepl\u00e9s id\u0151szaka."},"content":{"rendered":"<p>A nagyb\u00f6jt a kereszt\u00e9ny napt\u00e1r egyik legjelent\u0151sebb id\u0151szaka, amelyet h\u00edv\u0151k milli\u00f3i tartanak vil\u00e1gszerte. Ez a h\u00fasv\u00e9tot megel\u0151z\u0151 40 napos id\u0151szak (vas\u00e1rnapok kiv\u00e9tel\u00e9vel), amely J\u00e9zus 40 napos b\u00f6jt\u00f6l\u00e9s\u00e9re eml\u00e9kezik a puszt\u00e1ban. A nagyb\u00f6jt hagyom\u00e1nyosan a b\u0171nb\u00e1nat, az \u00f6nvizsg\u00e1lat \u00e9s a lelki fegyelem ideje, amely seg\u00edt a kereszt\u00e9nyeknek felk\u00e9sz\u00fclni Krisztus felt\u00e1mad\u00e1s\u00e1nak h\u00fasv\u00e9t vas\u00e1rnapi \u00fcnnepl\u00e9s\u00e9re.<\/p>\n\n\n\n<p>B\u00e1r a nagyb\u00f6jt alapvet\u0151 c\u00e9lja ugyanaz marad, az emberek megfigyel\u00e9se \u00e9s meg\u00fcnnepl\u00e9se felekezetenk\u00e9nt, kult\u00far\u00e1nk\u00e9nt \u00e9s szem\u00e9lyes meggy\u0151z\u0151d\u00e9senk\u00e9nt nagyon elt\u00e9r\u0151 lehet. N\u00e9zz\u00fcnk meg n\u00e9h\u00e1nyat a nagyb\u00f6jt meg\u00fcnnepl\u00e9s\u00e9nek k\u00fcl\u00f6nb\u00f6z\u0151 m\u00f3djaib\u00f3l a vil\u00e1g minden t\u00e1j\u00e1n.<\/p>\n\n\n\n<h2 class=\"wp-block-heading\" id=\"h-fasting-and-abstinence\"><strong>B\u00f6jt \u00e9s \u00f6nmegtart\u00f3ztat\u00e1s<\/strong><\/h2>\n\n\n\n<p>A nagyb\u00f6jt egyik legismertebb eleme a b\u00f6jt. Sok h\u00edv\u0151 \u00fagy d\u00f6nt, hogy \u00e1ldozatk\u00e9nt \u00e9s fegyelmezetten lemond bizonyos \u00e9telekr\u0151l, szok\u00e1sokr\u00f3l vagy luxuscikkekr\u0151l. A leghagyom\u00e1nyosabb b\u00f6jt a p\u00e9nteki h\u00fast\u00f3l val\u00f3 tart\u00f3zkod\u00e1s, amelyet k\u00fcl\u00f6n\u00f6sen a katolikusok k\u00f6vetnek. Egyesek tov\u00e1bb mennek, \u00e9s lemondanak az \u00e9dess\u00e9gekr\u0151l, a k\u00e1v\u00e9r\u00f3l, a k\u00f6z\u00f6ss\u00e9gi m\u00e9di\u00e1r\u00f3l vagy m\u00e1s mindennapi k\u00e9nyelemr\u0151l.<\/p>\n\n\n\n<p>A keleti ortodox hagyom\u00e1nyban a b\u00f6jt szigor\u00fabb, sok h\u00edv\u0151 tart\u00f3zkodik a h\u00fast\u00f3l, a tejterm\u00e9kekt\u0151l, s\u0151t n\u00e9ha m\u00e9g az ol\u00edvaolajt\u00f3l \u00e9s a bort\u00f3l is a b\u00f6jti id\u0151szak alatt. B\u00e1r a b\u00f6jt szab\u00e1lyai elt\u00e9r\u0151ek lehetnek, az alapelv ugyanaz marad: elt\u00e1vol\u00edtani a zavar\u00f3 t\u00e9nyez\u0151ket, \u00e9s a lelki n\u00f6veked\u00e9sre \u00f6sszpontos\u00edtani. A b\u00f6jt nagyszer\u0171 lehet\u0151s\u00e9g lehet arra is, hogy <a href=\"https:\/\/nrb.ttm.mybluehost.me\/hu\/megkulonboztetni-hogy-egy-kapcsolat-isten-akarataban-van-e\/\" target=\"_blank\" rel=\"noreferrer noopener\">hallani Istent\u0151l a randiz\u00e1si \u00e9letedr\u0151l<\/a>.<\/p>\n\n\n\n<h2 class=\"wp-block-heading\" id=\"h-prayer-and-reflection\"><strong>Im\u00e1ds\u00e1g \u00e9s elm\u00e9lked\u00e9s<\/strong><\/h2>\n\n\n\n<p>A nagyb\u00f6jt a m\u00e9ly ima \u00e9s elm\u00e9lked\u00e9s ideje. Sok kereszt\u00e9ny haszn\u00e1lja ezt az id\u0151szakot arra, hogy sz\u00e1nd\u00e9kos ima gyakorlatokat v\u00e9gezzen, mint pl. <a href=\"https:\/\/nrb.ttm.mybluehost.me\/hu\/ahitati-tervek-egyedulallo-keresztenyeknek\/\" target=\"_blank\" rel=\"noreferrer noopener\">napi \u00e1h\u00edtatok<\/a>, bibliaolvas\u00e1s, \u00e9s k\u00fcl\u00f6nleges b\u00f6jti istentiszteleteken val\u00f3 r\u00e9szv\u00e9tel.<\/p>\n\n\n\n<p>A kereszt\u00fati st\u00e1ci\u00f3kat, J\u00e9zus szenved\u00e9s\u00e9r\u0151l \u00e9s keresztre fesz\u00edt\u00e9s\u00e9r\u0151l elm\u00e9lked\u0151 \u00e1h\u00edtati gyakorlatot a katolikus \u00e9s anglik\u00e1n hagyom\u00e1nyok is gyakran megtartj\u00e1k. Ez az \u00fcnnep\u00e9lyes elm\u00e9lked\u00e9s lehet\u0151v\u00e9 teszi a h\u00edv\u0151k sz\u00e1m\u00e1ra, hogy v\u00e9gigj\u00e1rj\u00e1k Krisztus kereszt\u00fatj\u00e1nak utols\u00f3 pillanatait, elm\u00e9ly\u00edtve ezzel az \u0150 \u00e1ldozat\u00e1nak megbecs\u00fcl\u00e9s\u00e9t.<\/p>\n\n\n\n<h2 class=\"wp-block-heading\" id=\"h-almsgiving-and-acts-of-service\"><strong>Adakoz\u00e1s \u00e9s szolg\u00e1lat<\/strong><\/h2>\n\n\n\n<p>A nagyb\u00f6jt m\u00e1sik fontos eleme az alamizsn\u00e1lkod\u00e1s - a r\u00e1szorul\u00f3knak val\u00f3 adakoz\u00e1s. Sok egyh\u00e1z b\u00e1tor\u00edtja tagjait, hogy adakozzanak j\u00f3t\u00e9konys\u00e1gi szervezeteknek, \u00f6nk\u00e9nteskedjenek helyi menhelyeken, vagy egyszer\u0171en csak gyakorolj\u00e1k a nagylelk\u0171s\u00e9get a mindennapi \u00e9let\u00fckben. Vannak, akik a nagyb\u00f6jt\u00f6t arra haszn\u00e1lj\u00e1k fel, hogy naponta apr\u00f3 j\u00f3cselekedeteket tegyenek, ezzel is hangs\u00falyozva a szeretet \u00e9s az egy\u00fctt\u00e9rz\u00e9s fontoss\u00e1g\u00e1t.<\/p>\n\n\n\n<p>Az alamizsn\u00e1lkod\u00e1s l\u00e9nyege, hogy ne csak a r\u00e1szorul\u00f3kon seg\u00edts\u00fcnk, hanem az \u00f6nzetlens\u00e9g \u00e9s a h\u00e1la sz\u00edv\u00e9t is \u00e1poljuk. Azzal, hogy a kereszt\u00e9nyek ink\u00e1bb kifel\u00e9, mint befel\u00e9 \u00f6sszpontos\u00edtanak, sz\u00edv\u00fcket J\u00e9zus tan\u00edt\u00e1saihoz igaz\u00edtj\u00e1k.<\/p>\n\n\n\n<figure class=\"wp-block-image size-large\"><img loading=\"lazy\" decoding=\"async\" width=\"768\" height=\"1024\" src=\"https:\/\/nrb.ttm.mybluehost.me\/wp-content\/uploads\/2025\/01\/julie-stenstrom-dupe-768x1024.jpg\" alt=\"k\u00e1v\u00e9zgatva\" class=\"wp-image-2499\" srcset=\"https:\/\/nrb.ttm.mybluehost.me\/wp-content\/uploads\/2025\/01\/julie-stenstrom-dupe-768x1024.jpg 768w, https:\/\/nrb.ttm.mybluehost.me\/wp-content\/uploads\/2025\/01\/julie-stenstrom-dupe-225x300.jpg 225w, https:\/\/nrb.ttm.mybluehost.me\/wp-content\/uploads\/2025\/01\/julie-stenstrom-dupe-1152x1536.jpg 1152w, https:\/\/nrb.ttm.mybluehost.me\/wp-content\/uploads\/2025\/01\/julie-stenstrom-dupe-1536x2048.jpg 1536w, https:\/\/nrb.ttm.mybluehost.me\/wp-content\/uploads\/2025\/01\/julie-stenstrom-dupe-9x12.jpg 9w, https:\/\/nrb.ttm.mybluehost.me\/wp-content\/uploads\/2025\/01\/julie-stenstrom-dupe-scaled.jpg 1920w\" sizes=\"auto, (max-width: 768px) 100vw, 768px\" \/><\/figure>\n\n\n\n<h2 class=\"wp-block-heading\" id=\"h-special-lenten-traditions-around-the-world\"><strong>K\u00fcl\u00f6nleges b\u00f6jti hagyom\u00e1nyok a vil\u00e1g minden t\u00e1j\u00e1n<\/strong><\/h2>\n\n\n\n<p>B\u00e1r a nagyb\u00f6jt lelki fegyelmez\u00e9sei egyetemesek, a k\u00fcl\u00f6nb\u00f6z\u0151 kult\u00far\u00e1kban egyedi m\u00f3don tartj\u00e1k meg ezt az id\u0151szakot. \u00cdme n\u00e9h\u00e1ny p\u00e9lda:<\/p>\n\n\n\n<h3 class=\"wp-block-heading\" id=\"h-mardi-gras-fat-tuesday-and-ash-wednesday\"><strong>Mardi Gras (k\u00f6v\u00e9r kedd) \u00e9s hamvaz\u00f3szerda<\/strong><\/h3>\n\n\n\n<p>Miel\u0151tt a nagyb\u00f6jt \u00fcnnep\u00e9lyess\u00e9ge elkezd\u0151dik, sok kult\u00far\u00e1ban megfigyelik a <strong>Mardi Gras<\/strong> (franci\u00e1ul \"k\u00f6v\u00e9r kedd\") vagy <strong>S\u00fct\u00e9s kedd<\/strong> lakom\u00e1kkal \u00e9s \u00fcnneps\u00e9gekkel. Olyan helyeken, mint New Orleans \u00e9s Braz\u00edlia, a Mardi Gras-t felvonul\u00e1sok, zene \u00e9s vibr\u00e1l\u00f3 \u00fcnneps\u00e9gek jellemzik. Az \u00f6tlet l\u00e9nyege, hogy \u00e9lvezz\u00fck az utols\u00f3 \u00e9lvezeteket, miel\u0151tt a b\u00f6jti id\u0151szak elkezd\u0151dik.<\/p>\n\n\n\n<p>A  oldalon. <strong>Hamvaz\u00f3szerda<\/strong>, amely a nagyb\u00f6jt hivatalos kezdet\u00e9t jelzi, sok kereszt\u00e9ny r\u00e9szt vesz az istentiszteleteken, ahol hamut helyeznek a homlokukra kereszt alakban. Ez a cselekedet a b\u0171nb\u00e1natot szimboliz\u00e1lja, \u00e9s arra eml\u00e9keztet, hogy \"porb\u00f3l lett\u00e9l, \u00e9s a porba t\u00e9rsz vissza\".<\/p>\n\n\n\n<h3 class=\"wp-block-heading\" id=\"h-semana-santa-holy-week-in-latin-america\"><strong>Semana Santa (Szent H\u00e9t) Latin-Amerik\u00e1ban<\/strong><\/h3>\n\n\n\n<p>Sz\u00e1mos latin-amerikai orsz\u00e1gban, <strong>Semana Santa (Szent H\u00e9t)<\/strong> a d\u00edszes vall\u00e1si k\u00f6rmenetek, Krisztus szenved\u00e9s\u00e9nek feleleven\u00edt\u00e9se \u00e9s a k\u00fcl\u00f6nleges istentiszteletek ideje. Olyan helyeken, mint Spanyolorsz\u00e1g \u00e9s Guatemala, a r\u00e9sztvev\u0151k hagyom\u00e1nyos ruh\u00e1kat viselnek, \u00e9s nagy vall\u00e1si kocsikat visznek az utc\u00e1kon, m\u00e9lyen \u00e1h\u00edtatos l\u00e9gk\u00f6rt teremtve.<\/p>\n\n\n\n<h3 class=\"wp-block-heading\" id=\"h-lenten-fish-fries-in-the-u-s\"><strong>Nagyb\u00f6jti halas krumpli az Egyes\u00fclt \u00c1llamokban.<\/strong><\/h3>\n\n\n\n<p>Az Egyes\u00fclt \u00c1llamok sz\u00e1mos katolikus k\u00f6z\u00f6ss\u00e9g\u00e9ben, <strong>P\u00e9nteki halas s\u00fcltkrumpli<\/strong> szeretett hagyom\u00e1ny a nagyb\u00f6jt idej\u00e9n. Mivel p\u00e9ntekenk\u00e9nt hagyom\u00e1nyosan ker\u00fclj\u00fck a h\u00fast, a helyi templomok, \u00e9ttermek \u00e9s k\u00f6z\u00f6ss\u00e9gi k\u00f6zpontok s\u00fclt halvacsor\u00e1t k\u00edn\u00e1lnak, hogy a b\u00f6jti \u00e9tkez\u00e9si szok\u00e1sok betart\u00e1sa mellett \u00f6sszegy\u0171lj\u00fcnk.<\/p>\n\n\n\n<h3 class=\"wp-block-heading\" id=\"h-paczki-day-in-poland-and-the-u-s\"><strong>Paczki-nap Lengyelorsz\u00e1gban \u00e9s az Egyes\u00fclt \u00c1llamokban.<\/strong><\/h3>\n\n\n\n<p>Lengyel k\u00f6z\u00f6ss\u00e9gek \u00fcnnepelnek <strong>Paczki nap<\/strong> a nagyb\u00f6jt kezdete el\u0151tti kedden. A paczki (ejtsd: \"poonch-key\") gazdag, m\u00e9lyh\u0171t\u00f6tt s\u00fctem\u00e9nyek, amelyeket \u00e9des t\u00f6ltel\u00e9kkel, p\u00e9ld\u00e1ul zsel\u00e9vel vagy pudinggal t\u00f6ltenek meg. Ez a hagyom\u00e1ny, amely k\u00fcl\u00f6n\u00f6sen a nagy lengyel lakoss\u00e1g\u00fa v\u00e1rosokban n\u00e9pszer\u0171, finom m\u00f3dja annak, hogy a b\u00f6jti id\u0151szak kezdete el\u0151tt m\u00e9g egy utols\u00f3 \u00e9lvezetet \u00e9lvezhess\u00fcnk.<\/p>\n\n\n\n<h3 class=\"wp-block-heading\" id=\"h-carnevale-in-italy\"><strong>Carnevale Olaszorsz\u00e1gban<\/strong><\/h3>\n\n\n\n<p>Olaszorsz\u00e1gban \u00e9s m\u00e1s eur\u00f3pai orsz\u00e1gokban, <strong>Carnevale<\/strong> a Mardi Gras-hoz hasonl\u00f3, b\u00f6jt el\u0151tti \u00fcnneps\u00e9g, felvonul\u00e1sokkal, maszkokkal \u00e9s \u00fcnnepi \u00f6sszej\u00f6vetelekkel. A velencei karnev\u00e1l az egyik legh\u00edresebb, amely d\u00edszes jelmezekkel \u00e9s \u00e1larcosb\u00e1lokkal v\u00e1rja a l\u00e1togat\u00f3kat. Az \u00fcnneps\u00e9gek hamvaz\u00f3szerd\u00e1n \u00e9rnek v\u00e9get, \u00e9s ezzel bek\u00f6sz\u00f6nt a nagyb\u00f6jt \u00fcnnep\u00e9lyess\u00e9ge.<\/p>\n\n\n\n<h3 class=\"wp-block-heading\" id=\"h-the-fast-of-great-lent-in-eastern-orthodoxy\"><strong>A nagyb\u00f6jt a keleti ortodoxi\u00e1ban<\/strong><\/h3>\n\n\n\n<p>A keleti ortodox egyh\u00e1zban, <strong>Nagyb\u00f6jt<\/strong> szigor\u00fa b\u00f6jttel \u00e9s fokozott imaszolg\u00e1latokkal tartj\u00e1k. Sok ortodox kereszt\u00e9ny vesz r\u00e9szt <strong>Megszentel\u00e9s el\u0151tti liturgi\u00e1k<\/strong>, a szerd\u00e1n \u00e9s p\u00e9nteken tartott k\u00fcl\u00f6nleges istentisztelet, \u00e9s r\u00e9szt vesznek a <strong>Akathisztikus himnusz<\/strong>, a Sz\u0171z M\u00e1ri\u00e1nak szentelt imasorozat.<\/p>\n\n\n\n<h2 class=\"wp-block-heading\" id=\"h-modern-adaptations-of-lenten-practices\"><strong>A b\u00f6jti gyakorlatok modern adapt\u00e1ci\u00f3i<\/strong><\/h2>\n\n\n\n<p>A mai vil\u00e1gban sokan \u00fagy v\u00e1lasztj\u00e1k a nagyb\u00f6jt megtart\u00e1s\u00e1t, hogy az sz\u00e1mukra szem\u00e9lyes jelent\u0151s\u00e9ggel b\u00edr. N\u00e9h\u00e1nyan a <strong>digit\u00e1lis gyors<\/strong>, a k\u00e9perny\u0151id\u0151 cs\u00f6kkent\u00e9se vagy <a href=\"https:\/\/nrb.ttm.mybluehost.me\/hu\/szunetet-tartva\/\" target=\"_blank\" rel=\"noreferrer noopener\">sz\u00fcnetet tartva a t\u00e1rskeres\u0151 alkalmaz\u00e1sokban<\/a> vagy a k\u00f6z\u00f6ss\u00e9gi m\u00e9di\u00e1t, hogy \u00fajra a hitre \u00f6sszpontos\u00edtson. M\u00e1sok felv\u00e1llalj\u00e1k <strong>h\u00e1laad\u00e1s<\/strong>, napl\u00f3t \u00edrni az \u00e1ld\u00e1sokr\u00f3l minden nap, vagy tudatosan t\u00f6rekedni arra, hogy b\u00e1tor\u00edt\u00f3 szavakat mondjunk m\u00e1soknak.<\/p>\n\n\n\n<p>Egyes egyh\u00e1zak \u00e9s kereszt\u00e9ny szervezetek is t\u00e1mogatj\u00e1k <strong>40 napos kih\u00edv\u00e1sok<\/strong>, ahol a r\u00e9sztvev\u0151k v\u00e1llalj\u00e1k, hogy a nagyb\u00f6jt sor\u00e1n minden nap elolvasnak egy \u00e1h\u00edtatot, memoriz\u00e1lj\u00e1k a Szent\u00edr\u00e1st, vagy szolg\u00e1latot v\u00e9geznek.<\/p>\n\n\n\n<h2 class=\"wp-block-heading\" id=\"h-the-heart-of-lent-transformation-and-renewal\"><strong>A nagyb\u00f6jt sz\u00edve: \u00c1talakul\u00e1s \u00e9s meg\u00fajul\u00e1s<\/strong><\/h2>\n\n\n\n<p>F\u00fcggetlen\u00fcl att\u00f3l, hogy ki hogyan v\u00e1lasztja a nagyb\u00f6jt megtart\u00e1s\u00e1t, a k\u00f6zponti t\u00e9ma ugyanaz marad: <strong>az \u00e1talakul\u00e1s \u00e9s meg\u00fajul\u00e1s \u00fatja<\/strong>. Ez az id\u0151 arra szolg\u00e1l, hogy k\u00f6zelebb ker\u00fclj\u00fcnk Istenhez, elgondolkodjunk J\u00e9zus \u00e1ldozat\u00e1n, \u00e9s felk\u00e9sz\u00edts\u00fck sz\u00edv\u00fcnket a h\u00fasv\u00e9t \u00f6r\u00f6m\u00e9re.<\/p>\n\n\n\n<p>Ak\u00e1r b\u00f6jt\u00f6l\u00e9s, im\u00e1ds\u00e1g, szolg\u00e1lat vagy k\u00f6z\u00f6ss\u00e9gi hagyom\u00e1nyok r\u00e9v\u00e9n, a nagyb\u00f6jt lehet\u0151s\u00e9get k\u00edn\u00e1l a lelki n\u00f6veked\u00e9sre \u00e9s a hit elm\u00e9ly\u00edt\u00e9s\u00e9re. Ha a h\u00edv\u0151k \u0151szint\u00e9n elfogadj\u00e1k ezt az id\u0151szakot, m\u00e9lyrehat\u00f3 meg\u00fajul\u00e1st tapasztalhatnak, ami m\u00e9g jelent\u0151sebb\u00e9 teszi a h\u00fasv\u00e9tot, amikor v\u00e9gre el\u00e9rkezik Krisztus felt\u00e1mad\u00e1s\u00e1nak \u00fcnnepe.<\/p>\n\n\n\n<p>Hogyan tartod a nagyb\u00f6jt\u00f6t? Ak\u00e1r a r\u00e9gi hagyom\u00e1nyok, ak\u00e1r a modern adapt\u00e1ci\u00f3k r\u00e9v\u00e9n, ennek az id\u0151szaknak a sz\u00e9ps\u00e9ge abban rejlik, hogy egyedi \u00e9s szem\u00e9lyes m\u00f3don k\u00e9pes k\u00f6zelebb vinni az embereket Istenhez.<\/p>\n\n\n\n<h2 class=\"wp-block-heading\" id=\"h-hallow-s-prayer-initiative\"><strong>Hallow's Prayer kezdem\u00e9nyez\u00e9s<\/strong><\/h2>\n\n\n\n<p>Az egyik modern kezdem\u00e9nyez\u00e9s, amely seg\u00edti a h\u00edv\u0151ket a nagyb\u00f6jtben val\u00f3 r\u00e9szv\u00e9telben, az a <strong><a href=\"https:\/\/hallow.com\/lent\/\" rel=\"nofollow\">Hallow alkalmaz\u00e1s<\/a><\/strong>, egy kereszt\u00e9ny ima- \u00e9s medit\u00e1ci\u00f3s alkalmaz\u00e1s, amely vezetett im\u00e1kat, elm\u00e9lked\u00e9seket \u00e9s szent\u00edr\u00e1si olvasm\u00e1nyokat k\u00edn\u00e1l kifejezetten a b\u00f6jti id\u0151szakhoz. A #Pray40 kezdem\u00e9nyez\u00e9s\u00fck t\u00f6bb mint 1.000.000 embert \u00f6szt\u00f6nz\u00f6tt arra, hogy a nagyb\u00f6jt sor\u00e1n napi im\u00e1ra k\u00f6telezz\u00e9k el magukat, ezzel az ut\u00f3bbi \u00e9vek egyik legnagyobb k\u00f6z\u00f6s imamozgalm\u00e1v\u00e1 v\u00e1lt. A lelki fegyelem e digit\u00e1lis megk\u00f6zel\u00edt\u00e9se lehet\u0151v\u00e9 teszi, hogy az emberek b\u00e1tor\u00edt\u00e1ssal, strukt\u00far\u00e1val \u00e9s egy glob\u00e1lis hitk\u00f6z\u00f6ss\u00e9ggel j\u00e1rj\u00e1k v\u00e9gig a nagyb\u00f6jt\u00f6t.<\/p>","protected":false},"excerpt":{"rendered":"<p>Lent is one of the most significant seasons in the Christian calendar, observed by millions of believers worldwide. It is a period of 40 days (excluding Sundays) leading up to Easter, commemorating the 40 days Jesus spent fasting in the wilderness. Traditionally, Lent is a time of repentance, self-examination, and spiritual discipline, helping Christians prepare [&hellip;]<\/p>\n","protected":false},"author":11,"featured_media":2503,"comment_status":"open","ping_status":"open","sticky":false,"template":"","format":"standard","meta":{"_jetpack_memberships_contains_paid_content":false,"footnotes":""},"categories":[20],"tags":[30,11],"class_list":["post-2803","post","type-post","status-publish","format-standard","has-post-thumbnail","hentry","category-community","tag-all","tag-theology"],"yoast_head":"<!-- This site is optimized with the Yoast SEO Premium plugin v27.4 (Yoast SEO v27.4) - https:\/\/yoast.com\/product\/yoast-seo-premium-wordpress\/ -->\n<title>Lent: A Season of Reflection, Sacrifice, and Celebration - SALT &amp; Life<\/title>\n<meta name=\"description\" content=\"Lent is an important time in the Christian calendar. Find out more about traditions around the world in this article.\" \/>\n<meta name=\"robots\" content=\"index, follow, max-snippet:-1, max-image-preview:large, max-video-preview:-1\" \/>\n<link rel=\"canonical\" href=\"https:\/\/nrb.ttm.mybluehost.me\/hu\/bojt-az-elmelkedes-az-aldozat-es-az-unneples-idoszaka\/\" \/>\n<meta property=\"og:locale\" content=\"hu_HU\" \/>\n<meta property=\"og:type\" content=\"article\" \/>\n<meta property=\"og:title\" content=\"Lent: A Season of Reflection, Sacrifice, and Celebration\" \/>\n<meta property=\"og:description\" content=\"Lent is an important time in the Christian calendar. Find out more about traditions around the world in this article.\" \/>\n<meta property=\"og:url\" content=\"https:\/\/nrb.ttm.mybluehost.me\/hu\/bojt-az-elmelkedes-az-aldozat-es-az-unneples-idoszaka\/\" \/>\n<meta property=\"og:site_name\" content=\"SALT &amp; Life\" \/>\n<meta property=\"article:publisher\" content=\"https:\/\/www.facebook.com\/profile.php?id=100063615338189\" \/>\n<meta property=\"article:published_time\" content=\"2025-03-06T19:36:06+00:00\" \/>\n<meta property=\"article:modified_time\" content=\"2025-03-06T19:36:07+00:00\" \/>\n<meta property=\"og:image\" content=\"https:\/\/nrb.ttm.mybluehost.me\/wp-content\/uploads\/2025\/01\/kayla-norton-dupe.jpg\" \/>\n\t<meta property=\"og:image:width\" content=\"1289\" \/>\n\t<meta property=\"og:image:height\" content=\"2287\" \/>\n\t<meta property=\"og:image:type\" content=\"image\/jpeg\" \/>\n<meta name=\"author\" content=\"Matthew Townend\" \/>\n<meta name=\"twitter:card\" content=\"summary_large_image\" \/>\n<meta name=\"twitter:creator\" content=\"@SALTDating\" \/>\n<meta name=\"twitter:site\" content=\"@SALTDating\" \/>\n<meta name=\"twitter:label1\" content=\"Szerz\u0151:\" \/>\n\t<meta name=\"twitter:data1\" content=\"Matthew Townend\" \/>\n\t<meta name=\"twitter:label2\" content=\"Becs\u00fclt olvas\u00e1si id\u0151\" \/>\n\t<meta name=\"twitter:data2\" content=\"6 perc\" \/>\n<script type=\"application\/ld+json\" class=\"yoast-schema-graph\">{\"@context\":\"https:\\\/\\\/schema.org\",\"@graph\":[{\"@type\":\"Article\",\"@id\":\"https:\\\/\\\/nrb.ttm.mybluehost.me\\\/lent-a-season-of-reflection-sacrifice-and-celebration\\\/#article\",\"isPartOf\":{\"@id\":\"https:\\\/\\\/nrb.ttm.mybluehost.me\\\/lent-a-season-of-reflection-sacrifice-and-celebration\\\/\"},\"author\":{\"name\":\"Matthew Townend\",\"@id\":\"https:\\\/\\\/nrb.ttm.mybluehost.me\\\/#\\\/schema\\\/person\\\/c019b6dd683a4a0e0b033b6a0e8a27b3\"},\"headline\":\"Lent: A Season of Reflection, Sacrifice, and Celebration\",\"datePublished\":\"2025-03-06T19:36:06+00:00\",\"dateModified\":\"2025-03-06T19:36:07+00:00\",\"mainEntityOfPage\":{\"@id\":\"https:\\\/\\\/nrb.ttm.mybluehost.me\\\/lent-a-season-of-reflection-sacrifice-and-celebration\\\/\"},\"wordCount\":1130,\"commentCount\":0,\"publisher\":{\"@id\":\"https:\\\/\\\/nrb.ttm.mybluehost.me\\\/#organization\"},\"image\":{\"@id\":\"https:\\\/\\\/nrb.ttm.mybluehost.me\\\/lent-a-season-of-reflection-sacrifice-and-celebration\\\/#primaryimage\"},\"thumbnailUrl\":\"https:\\\/\\\/nrb.ttm.mybluehost.me\\\/wp-content\\\/uploads\\\/2025\\\/01\\\/kayla-norton-dupe.jpg\",\"keywords\":[\"All\",\"Theology\"],\"articleSection\":[\"Community\"],\"inLanguage\":\"hu\",\"potentialAction\":[{\"@type\":\"CommentAction\",\"name\":\"Comment\",\"target\":[\"https:\\\/\\\/nrb.ttm.mybluehost.me\\\/lent-a-season-of-reflection-sacrifice-and-celebration\\\/#respond\"]}],\"copyrightYear\":\"2025\",\"copyrightHolder\":{\"@id\":\"https:\\\/\\\/nrb.ttm.mybluehost.me\\\/hu\\\/#organization\"}},{\"@type\":\"WebPage\",\"@id\":\"https:\\\/\\\/nrb.ttm.mybluehost.me\\\/lent-a-season-of-reflection-sacrifice-and-celebration\\\/\",\"url\":\"https:\\\/\\\/nrb.ttm.mybluehost.me\\\/lent-a-season-of-reflection-sacrifice-and-celebration\\\/\",\"name\":\"Lent: A Season of Reflection, Sacrifice, and Celebration - SALT &amp; Life\",\"isPartOf\":{\"@id\":\"https:\\\/\\\/nrb.ttm.mybluehost.me\\\/#website\"},\"primaryImageOfPage\":{\"@id\":\"https:\\\/\\\/nrb.ttm.mybluehost.me\\\/lent-a-season-of-reflection-sacrifice-and-celebration\\\/#primaryimage\"},\"image\":{\"@id\":\"https:\\\/\\\/nrb.ttm.mybluehost.me\\\/lent-a-season-of-reflection-sacrifice-and-celebration\\\/#primaryimage\"},\"thumbnailUrl\":\"https:\\\/\\\/nrb.ttm.mybluehost.me\\\/wp-content\\\/uploads\\\/2025\\\/01\\\/kayla-norton-dupe.jpg\",\"datePublished\":\"2025-03-06T19:36:06+00:00\",\"dateModified\":\"2025-03-06T19:36:07+00:00\",\"description\":\"Lent is an important time in the Christian calendar. Find out more about traditions around the world in this article.\",\"breadcrumb\":{\"@id\":\"https:\\\/\\\/nrb.ttm.mybluehost.me\\\/lent-a-season-of-reflection-sacrifice-and-celebration\\\/#breadcrumb\"},\"inLanguage\":\"hu\",\"potentialAction\":[{\"@type\":\"ReadAction\",\"target\":[\"https:\\\/\\\/nrb.ttm.mybluehost.me\\\/lent-a-season-of-reflection-sacrifice-and-celebration\\\/\"]}]},{\"@type\":\"ImageObject\",\"inLanguage\":\"hu\",\"@id\":\"https:\\\/\\\/nrb.ttm.mybluehost.me\\\/lent-a-season-of-reflection-sacrifice-and-celebration\\\/#primaryimage\",\"url\":\"https:\\\/\\\/nrb.ttm.mybluehost.me\\\/wp-content\\\/uploads\\\/2025\\\/01\\\/kayla-norton-dupe.jpg\",\"contentUrl\":\"https:\\\/\\\/nrb.ttm.mybluehost.me\\\/wp-content\\\/uploads\\\/2025\\\/01\\\/kayla-norton-dupe.jpg\",\"width\":1289,\"height\":2287,\"caption\":\"girl in window\"},{\"@type\":\"BreadcrumbList\",\"@id\":\"https:\\\/\\\/nrb.ttm.mybluehost.me\\\/lent-a-season-of-reflection-sacrifice-and-celebration\\\/#breadcrumb\",\"itemListElement\":[{\"@type\":\"ListItem\",\"position\":1,\"name\":\"Home\",\"item\":\"https:\\\/\\\/nrb.ttm.mybluehost.me\\\/\"},{\"@type\":\"ListItem\",\"position\":2,\"name\":\"Lent: A Season of Reflection, Sacrifice, and Celebration\"}]},{\"@type\":\"WebSite\",\"@id\":\"https:\\\/\\\/nrb.ttm.mybluehost.me\\\/#website\",\"url\":\"https:\\\/\\\/nrb.ttm.mybluehost.me\\\/\",\"name\":\"Christian Dating with SALT\",\"description\":\"Godly dating advice for single Christians by SALT\",\"publisher\":{\"@id\":\"https:\\\/\\\/nrb.ttm.mybluehost.me\\\/#organization\"},\"potentialAction\":[{\"@type\":\"SearchAction\",\"target\":{\"@type\":\"EntryPoint\",\"urlTemplate\":\"https:\\\/\\\/nrb.ttm.mybluehost.me\\\/?s={search_term_string}\"},\"query-input\":{\"@type\":\"PropertyValueSpecification\",\"valueRequired\":true,\"valueName\":\"search_term_string\"}}],\"inLanguage\":\"hu\"},{\"@type\":[\"Organization\",\"Place\"],\"@id\":\"https:\\\/\\\/nrb.ttm.mybluehost.me\\\/#organization\",\"name\":\"SALT\",\"url\":\"https:\\\/\\\/nrb.ttm.mybluehost.me\\\/\",\"logo\":{\"@id\":\"https:\\\/\\\/nrb.ttm.mybluehost.me\\\/lent-a-season-of-reflection-sacrifice-and-celebration\\\/#local-main-organization-logo\"},\"image\":{\"@id\":\"https:\\\/\\\/nrb.ttm.mybluehost.me\\\/lent-a-season-of-reflection-sacrifice-and-celebration\\\/#local-main-organization-logo\"},\"sameAs\":[\"https:\\\/\\\/www.facebook.com\\\/profile.php?id=100063615338189\",\"https:\\\/\\\/x.com\\\/SALTDating\",\"https:\\\/\\\/www.instagram.com\\\/be_salt\\\/\",\"https:\\\/\\\/www.youtube.com\\\/@be_salt\",\"https:\\\/\\\/www.tiktok.com\\\/@ex_salt_him\",\"https:\\\/\\\/www.be-salt.com\"],\"telephone\":[],\"openingHoursSpecification\":[{\"@type\":\"OpeningHoursSpecification\",\"dayOfWeek\":[\"Monday\",\"Tuesday\",\"Wednesday\",\"Thursday\",\"Friday\",\"Saturday\",\"Sunday\"],\"opens\":\"09:00\",\"closes\":\"17:00\"}]},{\"@type\":\"Person\",\"@id\":\"https:\\\/\\\/nrb.ttm.mybluehost.me\\\/#\\\/schema\\\/person\\\/c019b6dd683a4a0e0b033b6a0e8a27b3\",\"name\":\"Matthew Townend\",\"image\":{\"@type\":\"ImageObject\",\"inLanguage\":\"hu\",\"@id\":\"https:\\\/\\\/secure.gravatar.com\\\/avatar\\\/5112152d8d6fcd937e2a2a4c8ae98e6e2c2c7872731cce63ccffa6279a0e89f4?s=96&r=g\",\"url\":\"https:\\\/\\\/secure.gravatar.com\\\/avatar\\\/5112152d8d6fcd937e2a2a4c8ae98e6e2c2c7872731cce63ccffa6279a0e89f4?s=96&r=g\",\"contentUrl\":\"https:\\\/\\\/secure.gravatar.com\\\/avatar\\\/5112152d8d6fcd937e2a2a4c8ae98e6e2c2c7872731cce63ccffa6279a0e89f4?s=96&r=g\",\"caption\":\"Matthew Townend\"},\"description\":\"Matt is the Commercial Co-ordinator for SALT. He loves writing and is passionate about seeing people come alive and step into their identity in Christ. Join SALT today - the free, award\u2011winning Christian Dating App run by a small team of Christians. Search SALT Christian dating and meet someone amazing today.\",\"url\":\"https:\\\/\\\/nrb.ttm.mybluehost.me\\\/hu\\\/author\\\/matthew\\\/\"},{\"@type\":\"ImageObject\",\"inLanguage\":\"hu\",\"@id\":\"https:\\\/\\\/nrb.ttm.mybluehost.me\\\/lent-a-season-of-reflection-sacrifice-and-celebration\\\/#local-main-organization-logo\",\"url\":\"https:\\\/\\\/nrb.ttm.mybluehost.me\\\/wp-content\\\/uploads\\\/2024\\\/07\\\/SALTLOGO.png\",\"contentUrl\":\"https:\\\/\\\/nrb.ttm.mybluehost.me\\\/wp-content\\\/uploads\\\/2024\\\/07\\\/SALTLOGO.png\",\"width\":350,\"height\":100,\"caption\":\"SALT\"}]}<\/script>\n<!-- \/ Yoast SEO Premium plugin. -->","yoast_head_json":{"title":"Nagyb\u00f6jt: SALT &amp; Life: Az elm\u00e9lked\u00e9s, az \u00e1ldozat \u00e9s az \u00fcnnepl\u00e9s id\u0151szaka - SALT &amp; Life","description":"A nagyb\u00f6jt fontos id\u0151szak a kereszt\u00e9ny napt\u00e1rban. Ebben a cikkben t\u00f6bbet megtudhatsz a vil\u00e1g hagyom\u00e1nyair\u00f3l.","robots":{"index":"index","follow":"follow","max-snippet":"max-snippet:-1","max-image-preview":"max-image-preview:large","max-video-preview":"max-video-preview:-1"},"canonical":"https:\/\/nrb.ttm.mybluehost.me\/hu\/bojt-az-elmelkedes-az-aldozat-es-az-unneples-idoszaka\/","og_locale":"hu_HU","og_type":"article","og_title":"Lent: A Season of Reflection, Sacrifice, and Celebration","og_description":"Lent is an important time in the Christian calendar. Find out more about traditions around the world in this article.","og_url":"https:\/\/nrb.ttm.mybluehost.me\/hu\/bojt-az-elmelkedes-az-aldozat-es-az-unneples-idoszaka\/","og_site_name":"SALT &amp; Life","article_publisher":"https:\/\/www.facebook.com\/profile.php?id=100063615338189","article_published_time":"2025-03-06T19:36:06+00:00","article_modified_time":"2025-03-06T19:36:07+00:00","og_image":[{"width":1289,"height":2287,"url":"https:\/\/nrb.ttm.mybluehost.me\/wp-content\/uploads\/2025\/01\/kayla-norton-dupe.jpg","type":"image\/jpeg"}],"author":"Matthew Townend","twitter_card":"summary_large_image","twitter_creator":"@SALTDating","twitter_site":"@SALTDating","twitter_misc":{"Szerz\u0151:":"Matthew Townend","Becs\u00fclt olvas\u00e1si id\u0151":"6 perc"},"schema":{"@context":"https:\/\/schema.org","@graph":[{"@type":"Article","@id":"https:\/\/nrb.ttm.mybluehost.me\/lent-a-season-of-reflection-sacrifice-and-celebration\/#article","isPartOf":{"@id":"https:\/\/nrb.ttm.mybluehost.me\/lent-a-season-of-reflection-sacrifice-and-celebration\/"},"author":{"name":"Matthew Townend","@id":"https:\/\/nrb.ttm.mybluehost.me\/#\/schema\/person\/c019b6dd683a4a0e0b033b6a0e8a27b3"},"headline":"Lent: A Season of Reflection, Sacrifice, and Celebration","datePublished":"2025-03-06T19:36:06+00:00","dateModified":"2025-03-06T19:36:07+00:00","mainEntityOfPage":{"@id":"https:\/\/nrb.ttm.mybluehost.me\/lent-a-season-of-reflection-sacrifice-and-celebration\/"},"wordCount":1130,"commentCount":0,"publisher":{"@id":"https:\/\/nrb.ttm.mybluehost.me\/#organization"},"image":{"@id":"https:\/\/nrb.ttm.mybluehost.me\/lent-a-season-of-reflection-sacrifice-and-celebration\/#primaryimage"},"thumbnailUrl":"https:\/\/nrb.ttm.mybluehost.me\/wp-content\/uploads\/2025\/01\/kayla-norton-dupe.jpg","keywords":["All","Theology"],"articleSection":["Community"],"inLanguage":"hu","potentialAction":[{"@type":"CommentAction","name":"Comment","target":["https:\/\/nrb.ttm.mybluehost.me\/lent-a-season-of-reflection-sacrifice-and-celebration\/#respond"]}],"copyrightYear":"2025","copyrightHolder":{"@id":"https:\/\/nrb.ttm.mybluehost.me\/hu\/#organization"}},{"@type":"WebPage","@id":"https:\/\/nrb.ttm.mybluehost.me\/lent-a-season-of-reflection-sacrifice-and-celebration\/","url":"https:\/\/nrb.ttm.mybluehost.me\/lent-a-season-of-reflection-sacrifice-and-celebration\/","name":"Nagyb\u00f6jt: SALT &amp; Life: Az elm\u00e9lked\u00e9s, az \u00e1ldozat \u00e9s az \u00fcnnepl\u00e9s id\u0151szaka - SALT &amp; Life","isPartOf":{"@id":"https:\/\/nrb.ttm.mybluehost.me\/#website"},"primaryImageOfPage":{"@id":"https:\/\/nrb.ttm.mybluehost.me\/lent-a-season-of-reflection-sacrifice-and-celebration\/#primaryimage"},"image":{"@id":"https:\/\/nrb.ttm.mybluehost.me\/lent-a-season-of-reflection-sacrifice-and-celebration\/#primaryimage"},"thumbnailUrl":"https:\/\/nrb.ttm.mybluehost.me\/wp-content\/uploads\/2025\/01\/kayla-norton-dupe.jpg","datePublished":"2025-03-06T19:36:06+00:00","dateModified":"2025-03-06T19:36:07+00:00","description":"A nagyb\u00f6jt fontos id\u0151szak a kereszt\u00e9ny napt\u00e1rban. Ebben a cikkben t\u00f6bbet megtudhatsz a vil\u00e1g hagyom\u00e1nyair\u00f3l.","breadcrumb":{"@id":"https:\/\/nrb.ttm.mybluehost.me\/lent-a-season-of-reflection-sacrifice-and-celebration\/#breadcrumb"},"inLanguage":"hu","potentialAction":[{"@type":"ReadAction","target":["https:\/\/nrb.ttm.mybluehost.me\/lent-a-season-of-reflection-sacrifice-and-celebration\/"]}]},{"@type":"ImageObject","inLanguage":"hu","@id":"https:\/\/nrb.ttm.mybluehost.me\/lent-a-season-of-reflection-sacrifice-and-celebration\/#primaryimage","url":"https:\/\/nrb.ttm.mybluehost.me\/wp-content\/uploads\/2025\/01\/kayla-norton-dupe.jpg","contentUrl":"https:\/\/nrb.ttm.mybluehost.me\/wp-content\/uploads\/2025\/01\/kayla-norton-dupe.jpg","width":1289,"height":2287,"caption":"girl in window"},{"@type":"BreadcrumbList","@id":"https:\/\/nrb.ttm.mybluehost.me\/lent-a-season-of-reflection-sacrifice-and-celebration\/#breadcrumb","itemListElement":[{"@type":"ListItem","position":1,"name":"Home","item":"https:\/\/nrb.ttm.mybluehost.me\/"},{"@type":"ListItem","position":2,"name":"Lent: A Season of Reflection, Sacrifice, and Celebration"}]},{"@type":"WebSite","@id":"https:\/\/nrb.ttm.mybluehost.me\/#website","url":"https:\/\/nrb.ttm.mybluehost.me\/","name":"Kereszt\u00e9ny randiz\u00e1s a SALT-tal","description":"Isteni t\u00e1rskeres\u0151 tan\u00e1csok egyed\u00fcl\u00e1ll\u00f3 kereszt\u00e9nyek sz\u00e1m\u00e1ra a SALT \u00e1ltal","publisher":{"@id":"https:\/\/nrb.ttm.mybluehost.me\/#organization"},"potentialAction":[{"@type":"SearchAction","target":{"@type":"EntryPoint","urlTemplate":"https:\/\/nrb.ttm.mybluehost.me\/?s={search_term_string}"},"query-input":{"@type":"PropertyValueSpecification","valueRequired":true,"valueName":"search_term_string"}}],"inLanguage":"hu"},{"@type":["Organization","Place"],"@id":"https:\/\/nrb.ttm.mybluehost.me\/#organization","name":"S\u00d3","url":"https:\/\/nrb.ttm.mybluehost.me\/","logo":{"@id":"https:\/\/nrb.ttm.mybluehost.me\/lent-a-season-of-reflection-sacrifice-and-celebration\/#local-main-organization-logo"},"image":{"@id":"https:\/\/nrb.ttm.mybluehost.me\/lent-a-season-of-reflection-sacrifice-and-celebration\/#local-main-organization-logo"},"sameAs":["https:\/\/www.facebook.com\/profile.php?id=100063615338189","https:\/\/x.com\/SALTDating","https:\/\/www.instagram.com\/be_salt\/","https:\/\/www.youtube.com\/@be_salt","https:\/\/www.tiktok.com\/@ex_salt_him","https:\/\/www.be-salt.com"],"telephone":[],"openingHoursSpecification":[{"@type":"OpeningHoursSpecification","dayOfWeek":["Monday","Tuesday","Wednesday","Thursday","Friday","Saturday","Sunday"],"opens":"09:00","closes":"17:00"}]},{"@type":"Person","@id":"https:\/\/nrb.ttm.mybluehost.me\/#\/schema\/person\/c019b6dd683a4a0e0b033b6a0e8a27b3","name":"Matthew Townend","image":{"@type":"ImageObject","inLanguage":"hu","@id":"https:\/\/secure.gravatar.com\/avatar\/5112152d8d6fcd937e2a2a4c8ae98e6e2c2c7872731cce63ccffa6279a0e89f4?s=96&r=g","url":"https:\/\/secure.gravatar.com\/avatar\/5112152d8d6fcd937e2a2a4c8ae98e6e2c2c7872731cce63ccffa6279a0e89f4?s=96&r=g","contentUrl":"https:\/\/secure.gravatar.com\/avatar\/5112152d8d6fcd937e2a2a4c8ae98e6e2c2c7872731cce63ccffa6279a0e89f4?s=96&r=g","caption":"Matthew Townend"},"description":"Matt a SALT kereskedelmi koordin\u00e1tora. Im\u00e1d \u00edrni, \u00e9s szenved\u00e9lyesen szereti l\u00e1tni, ahogy az emberek \u00e9letre kelnek \u00e9s belel\u00e9pnek a Krisztusban val\u00f3 identit\u00e1sukba. Csatlakozz m\u00e9g ma a SALT-hoz - az ingyenes, d\u00edjnyertes kereszt\u00e9ny t\u00e1rskeres\u0151 alkalmaz\u00e1shoz, amelyet kereszt\u00e9nyek kis csapata m\u0171k\u00f6dtet. Keress a SALT kereszt\u00e9ny t\u00e1rskeres\u0151n \u00e9s tal\u00e1lkozz valakivel, aki csod\u00e1latos m\u00e9g ma.","url":"https:\/\/nrb.ttm.mybluehost.me\/hu\/author\/matthew\/"},{"@type":"ImageObject","inLanguage":"hu","@id":"https:\/\/nrb.ttm.mybluehost.me\/lent-a-season-of-reflection-sacrifice-and-celebration\/#local-main-organization-logo","url":"https:\/\/nrb.ttm.mybluehost.me\/wp-content\/uploads\/2024\/07\/SALTLOGO.png","contentUrl":"https:\/\/nrb.ttm.mybluehost.me\/wp-content\/uploads\/2024\/07\/SALTLOGO.png","width":350,"height":100,"caption":"SALT"}]}},"jetpack_featured_media_url":"https:\/\/nrb.ttm.mybluehost.me\/wp-content\/uploads\/2025\/01\/kayla-norton-dupe.jpg","jetpack_sharing_enabled":true,"_links":{"self":[{"href":"https:\/\/nrb.ttm.mybluehost.me\/hu\/wp-json\/wp\/v2\/posts\/2803","targetHints":{"allow":["GET"]}}],"collection":[{"href":"https:\/\/nrb.ttm.mybluehost.me\/hu\/wp-json\/wp\/v2\/posts"}],"about":[{"href":"https:\/\/nrb.ttm.mybluehost.me\/hu\/wp-json\/wp\/v2\/types\/post"}],"author":[{"embeddable":true,"href":"https:\/\/nrb.ttm.mybluehost.me\/hu\/wp-json\/wp\/v2\/users\/11"}],"replies":[{"embeddable":true,"href":"https:\/\/nrb.ttm.mybluehost.me\/hu\/wp-json\/wp\/v2\/comments?post=2803"}],"version-history":[{"count":3,"href":"https:\/\/nrb.ttm.mybluehost.me\/hu\/wp-json\/wp\/v2\/posts\/2803\/revisions"}],"predecessor-version":[{"id":2807,"href":"https:\/\/nrb.ttm.mybluehost.me\/hu\/wp-json\/wp\/v2\/posts\/2803\/revisions\/2807"}],"wp:featuredmedia":[{"embeddable":true,"href":"https:\/\/nrb.ttm.mybluehost.me\/hu\/wp-json\/wp\/v2\/media\/2503"}],"wp:attachment":[{"href":"https:\/\/nrb.ttm.mybluehost.me\/hu\/wp-json\/wp\/v2\/media?parent=2803"}],"wp:term":[{"taxonomy":"category","embeddable":true,"href":"https:\/\/nrb.ttm.mybluehost.me\/hu\/wp-json\/wp\/v2\/categories?post=2803"},{"taxonomy":"post_tag","embeddable":true,"href":"https:\/\/nrb.ttm.mybluehost.me\/hu\/wp-json\/wp\/v2\/tags?post=2803"}],"curies":[{"name":"wp","href":"https:\/\/api.w.org\/{rel}","templated":true}]}}